{"id":338635,"date":"2022-08-22T18:57:17","date_gmt":"2022-08-22T16:57:17","guid":{"rendered":"https:\/\/www.prestar.cz\/?p=338635"},"modified":"2025-11-14T11:09:27","modified_gmt":"2025-11-14T10:09:27","slug":"projects-of-the-company-prestar-s-r-o-co-financed-by-the-european-regional-development-funds-and-funds-from-the-state-budget-of-the-czech-republic","status":"publish","type":"post","link":"https:\/\/www.prestar.cz\/en\/2022\/08\/22\/projekty-spolecnosti-prestar-s-r-o-spolufinancovane-esi-fondy-pro-regionalni-rozvoj-a-prostredky-ze-statniho-rozpoctu-cr\/","title":{"rendered":"Projects of Prestar, s.r.o. co-financed ESI funds for regional development and funds from the state budget of the Czech Republic"},"content":{"rendered":"<p>[et_pb_section fb_built=&#8220;1&#8243; _builder_version=&#8220;4.16&#8243; da_disable_devices=&#8220;off|off|off&#8220; global_colors_info=&#8220;{}&#8220; theme_builder_area=&#8220;post_content&#8220; da_is_popup=&#8220;off&#8220; da_exit_intent=&#8220;off&#8220; da_has_close=&#8220;on&#8220; da_alt_close=&#8220;off&#8220; da_dark_close=&#8220;off&#8220; da_not_modal=&#8220;on&#8220; da_is_singular=&#8220;off&#8220; da_with_loader=&#8220;off&#8220; da_has_shadow=&#8220;on&#8220;][et_pb_row _builder_version=&#8220;4.16&#8243; background_size=&#8220;initial&#8220; background_position=&#8220;top_left&#8220; background_repeat=&#8220;repeat&#8220; global_colors_info=&#8220;{}&#8220; theme_builder_area=&#8220;post_content&#8220;][et_pb_column type=&#8220;4_4&#8243; _builder_version=&#8220;4.16&#8243; custom_padding=&#8220;|||&#8220; global_colors_info=&#8220;{}&#8220; custom_padding__hover=&#8220;|||&#8220; theme_builder_area=&#8220;post_content&#8220;][et_pb_text _builder_version=&#8220;4.27.4&#8243; background_size=&#8220;initial&#8220; background_position=&#8220;top_left&#8220; background_repeat=&#8220;repeat&#8220; global_colors_info=&#8220;{}&#8220; theme_builder_area=&#8220;post_content&#8220;]<\/p>\n<p>Spole\u010dnost Prestar, s.r.o. za\u017e\u00e1dala v roce 2021 o spolufinancov\u00e1n\u00ed t\u0159\u00ed projekt\u016f s pl\u00e1novanou realizac\u00ed v letech 2021 a\u017e 2023.<\/p>\n<p>Na\u0161e investi\u010dn\u00ed z\u00e1m\u011bry byly mezi mnoha p\u0159ihl\u00e1\u0161kami doporu\u010deny v\u00fdb\u011brov\u00fdmi komisemi Ministerstva pr\u016fmyslu a obchodu k uskute\u010dn\u011bn\u00ed s vyu\u017eit\u00edm dotac\u00ed.<\/p>\n<p>V\u00a0roce 2024 spole\u010dnost Prestar, s.r.o. p\u0159edlo\u017eila \u017e\u00e1dost na projekt podporuj\u00edc\u00ed produktovou i procesn\u00ed inovaci spojenou s\u00a0v\u00fdvojem a v\u00fdrobou nov\u00e9 \u0159ady za\u0159\u00edzen\u00ed automatiza\u010dn\u00edch linek na zpracov\u00e1n\u00ed trubek.<\/p>\n<p>Realizace z\u00e1m\u011bru z\u00a0programu OPTAK prob\u011bhne s\u00a0podporou fond\u016f Evropsk\u00e9 unie v\u00a0letech 2024 a\u017e 2026.<\/p>\n<p><!-- \/divi:paragraph --><\/p>\n<p>[\/et_pb_text][\/et_pb_column][\/et_pb_row][\/et_pb_section]<\/p>\n","protected":false},"excerpt":{"rendered":"<p>Spole\u010dnost Prestar, s.r.o. za\u017e\u00e1dala v roce 2021 o spolufinancov\u00e1n\u00ed t\u0159\u00ed projekt\u016f s pl\u00e1novanou realizac\u00ed v letech 2021 a\u017e 2023. Na\u0161e investi\u010dn\u00ed z\u00e1m\u011bry byly mezi mnoha p\u0159ihl\u00e1\u0161kami doporu\u010deny v\u00fdb\u011brov\u00fdmi komisemi Ministerstva pr\u016fmyslu a obchodu k uskute\u010dn\u011bn\u00ed s vyu\u017eit\u00edm dotac\u00ed. V\u00a0roce 2024 spole\u010dnost Prestar, s.r.o. p\u0159edlo\u017eila \u017e\u00e1dost na projekt podporuj\u00edc\u00ed produktovou i procesn\u00ed inovaci spojenou s\u00a0v\u00fdvojem a [&hellip;]<\/p>\n","protected":false},"author":1,"featured_media":345220,"comment_status":"open","ping_status":"open","sticky":false,"template":"","format":"standard","meta":{"_et_pb_use_builder":"on","_et_pb_old_content":"<!-- wp:paragraph -->\n<p>Spole\u010dnost Prestar, s.r.o. za\u017e\u00e1dala v roce 2021 o spolufinancov\u00e1n\u00ed t\u0159\u00ed projekt\u016f s pl\u00e1novanou realizac\u00ed v letech 2021 a\u017e 2023.<\/p>\n<!-- \/wp:paragraph -->\n\n<!-- wp:paragraph -->\n<p>Na\u0161e investi\u010dn\u00ed z\u00e1m\u011bry byly mezi mnoha p\u0159ihl\u00e1\u0161kami doporu\u010deny v\u00fdb\u011brov\u00fdmi komisemi Ministerstva pr\u016fmyslu a obchodu k uskute\u010dn\u011bn\u00ed s vyu\u017eit\u00edm dotac\u00ed.<\/p>\n<!-- \/wp:paragraph -->","_et_gb_content_width":"","inline_featured_image":false,"footnotes":""},"categories":[13],"tags":[],"dipi_cpt_category":[],"class_list":["post-338635","post","type-post","status-publish","format-standard","has-post-thumbnail","hentry","category-zivot-v-prestaru"],"_links":{"self":[{"href":"https:\/\/www.prestar.cz\/en\/wp-json\/wp\/v2\/posts\/338635","targetHints":{"allow":["GET"]}}],"collection":[{"href":"https:\/\/www.prestar.cz\/en\/wp-json\/wp\/v2\/posts"}],"about":[{"href":"https:\/\/www.prestar.cz\/en\/wp-json\/wp\/v2\/types\/post"}],"author":[{"embeddable":true,"href":"https:\/\/www.prestar.cz\/en\/wp-json\/wp\/v2\/users\/1"}],"replies":[{"embeddable":true,"href":"https:\/\/www.prestar.cz\/en\/wp-json\/wp\/v2\/comments?post=338635"}],"version-history":[{"count":9,"href":"https:\/\/www.prestar.cz\/en\/wp-json\/wp\/v2\/posts\/338635\/revisions"}],"predecessor-version":[{"id":352695,"href":"https:\/\/www.prestar.cz\/en\/wp-json\/wp\/v2\/posts\/338635\/revisions\/352695"}],"wp:featuredmedia":[{"embeddable":true,"href":"https:\/\/www.prestar.cz\/en\/wp-json\/wp\/v2\/media\/345220"}],"wp:attachment":[{"href":"https:\/\/www.prestar.cz\/en\/wp-json\/wp\/v2\/media?parent=338635"}],"wp:term":[{"taxonomy":"category","embeddable":true,"href":"https:\/\/www.prestar.cz\/en\/wp-json\/wp\/v2\/categories?post=338635"},{"taxonomy":"post_tag","embeddable":true,"href":"https:\/\/www.prestar.cz\/en\/wp-json\/wp\/v2\/tags?post=338635"},{"taxonomy":"dipi_cpt_category","embeddable":true,"href":"https:\/\/www.prestar.cz\/en\/wp-json\/wp\/v2\/dipi_cpt_category?post=338635"}],"curies":[{"name":"wp","href":"https:\/\/api.w.org\/{rel}","templated":true}]}}