{"id":351716,"date":"2024-10-17T13:55:47","date_gmt":"2024-10-17T11:55:47","guid":{"rendered":"https:\/\/www.prestar.cz\/?p=351716"},"modified":"2024-10-18T12:05:51","modified_gmt":"2024-10-18T10:05:51","slug":"strips-from-spain","status":"publish","type":"post","link":"https:\/\/www.prestar.cz\/en\/2024\/10\/17\/stripky-ze-spanelska\/","title":{"rendered":"Snapshots from Spain"},"content":{"rendered":"\n[et_pb_section][et_pb_row][et_pb_column type=&#8220;4_4&#8243;][et_pb_text]<!-- divi:paragraph -->\n<p>Ned\u00e1vn\u00e1 obchodn\u00ed cesta do \u0160pan\u011blska byla kl\u00ed\u010dov\u00fdm krokem v r\u00e1mci dlouhodob\u00e9 spolupr\u00e1ce s jedn\u00edm z nejv\u011bt\u0161\u00edch sv\u011btov\u00fdch v\u00fdrobc\u016f oceli, spole\u010dnost\u00ed <strong>ArcelorMittal<\/strong>. <\/p>\n<!-- \/divi:paragraph -->\n\n<!-- divi:paragraph -->\n<p><em>Hlavn\u00edm c\u00edlem t\u00e9to cesty<\/em> bylo projedn\u00e1n\u00ed detail\u016f a dokon\u010den\u00ed dohody o velk\u00e9 dod\u00e1vce n\u011bkolika kle\u0161t\u00ed na v\u00e1lce, kter\u00e9 jsou z\u00e1sadn\u00ed sou\u010d\u00e1st\u00ed v\u00fdrobn\u00edho procesu v ocel\u00e1rn\u00e1ch.<\/p>\n<!-- \/divi:paragraph -->\n\n<!-- divi:paragraph -->\n<p>M\u011bli jsme mo\u017enost nav\u0161t\u00edvit v\u00fdrobn\u00ed z\u00e1vod, kde jsme se podrobn\u011bji sezn\u00e1mili s konkr\u00e9tn\u00edmi technick\u00fdmi po\u017eadavky na kle\u0161t\u011b. Na\u0161i technici spolupracovali s t\u00fdmem ArcelorMittal na optimalizaci designu a specifikac\u00edch, aby kle\u0161t\u011b pln\u011b odpov\u00eddaly v\u0161em pot\u0159eb\u00e1m a p\u0159isp\u011bly ke zlep\u0161en\u00ed efektivity ve v\u00fdrob\u011b.<\/p>\n<!-- \/divi:paragraph -->\n\n<!-- divi:paragraph -->\n<p>Obchodn\u00ed jedn\u00e1n\u00ed prob\u011bhla v pozitivn\u00edm duchu a poda\u0159ilo se n\u00e1m dohodnout na v\u0161ech kl\u00ed\u010dov\u00fdch bodech. Nyn\u00ed je projekt ve f\u00e1zi p\u0159\u00edpravy na v\u00fdrobu, kter\u00e1 bude zahrnovat vysok\u00e9 standardy kvality a p\u0159esnosti, kter\u00e9 jsou nezbytn\u00e9 pro tak presti\u017en\u00edho klienta, jak\u00fdm je <strong>ArcelorMittal<\/strong>.<\/p>\n<!-- \/divi:paragraph -->\n\n<!-- divi:paragraph -->\n<p>Tato zak\u00e1zka p\u0159edstavuje v\u00fdznamn\u00fd miln\u00edk pro na\u0161i firmu a potvrzuje na\u0161e schopnosti dod\u00e1vat vysoce specializovan\u00e1 za\u0159\u00edzen\u00ed pro pr\u016fmyslov\u00e9 giganty na glob\u00e1ln\u00ed \u00farovni. <\/p>\n<!-- \/divi:paragraph -->\n\n<!-- divi:paragraph -->\n<p><em>Jsme hrd\u00ed na na\u0161e technick\u00e9 znalosti<\/em> a na mo\u017enost pod\u00edlet se na zlep\u0161ov\u00e1n\u00ed v\u00fdrobn\u00edch proces\u016f v tak v\u00fdznamn\u00e9 spole\u010dnosti.<\/p>\n<!-- \/divi:paragraph -->\n\n<!-- divi:paragraph -->\n<p>Na\u0161e spolupr\u00e1ce s <strong>ArcelorMittal<\/strong> t\u00edmto rozhodn\u011b nekon\u010d\u00ed \u2013 naopak, t\u011b\u0161\u00edme se na dal\u0161\u00ed projekty, kter\u00e9 pos\u00edl\u00ed na\u0161i vz\u00e1jemnou spolupr\u00e1ci a otev\u0159ou nov\u00e9 mo\u017enosti pro budouc\u00ed r\u016fst.<\/p>\n<!-- \/divi:paragraph -->[\/et_pb_text][\/et_pb_column][\/et_pb_row][\/et_pb_section]\n","protected":false},"excerpt":{"rendered":"<p><div class=\"et_pb_section et_pb_section_0 et_section_regular\" >\n\t\t\t\t\n\t\t\t\t\n\t\t\t\t\n\t\t\t\t\n\t\t\t\t\n\t\t\t\t\n\t\t\t\t\n\t\t\t\t\n\t\t\t\t\n\t\t\t<\/div><div class=\"et_pb_row et_pb_row_0 et_pb_row_empty\">\n\t\t\t\t\n\t\t\t\t\n\t\t\t\t\n\t\t\t\t\n\t\t\t\t\n\t\t\t<\/div><div class=\"et_pb_module et_pb_text et_pb_text_0  et_pb_text_align_left et_pb_bg_layout_light\">\n\t\t\t\t\n\t\t\t\t\n\t\t\t\t\n\t\t\t\t\n\t\t\t\t\n\t\t\t<\/div> Ned\u00e1vn\u00e1 obchodn\u00ed cesta do \u0160pan\u011blska byla kl\u00ed\u010dov\u00fdm krokem v r\u00e1mci dlouhodob\u00e9 spolupr\u00e1ce s jedn\u00edm z nejv\u011bt\u0161\u00edch sv\u011btov\u00fdch v\u00fdrobc\u016f oceli, spole\u010dnost\u00ed ArcelorMittal. Hlavn\u00edm c\u00edlem t\u00e9to cesty bylo projedn\u00e1n\u00ed detail\u016f a dokon\u010den\u00ed dohody o velk\u00e9 dod\u00e1vce n\u011bkolika kle\u0161t\u00ed na v\u00e1lce, kter\u00e9 jsou z\u00e1sadn\u00ed sou\u010d\u00e1st\u00ed v\u00fdrobn\u00edho procesu v ocel\u00e1rn\u00e1ch. M\u011bli jsme mo\u017enost nav\u0161t\u00edvit v\u00fdrobn\u00ed z\u00e1vod, kde jsme [&hellip;]<\/p>\n","protected":false},"author":5,"featured_media":351723,"comment_status":"open","ping_status":"open","sticky":false,"template":"","format":"gallery","meta":{"_et_pb_use_builder":"on","_et_pb_old_content":"<!-- wp:paragraph -->\n<p>Ned\u00e1vn\u00e1 obchodn\u00ed cesta do \u0160pan\u011blska byla kl\u00ed\u010dov\u00fdm krokem v r\u00e1mci dlouhodob\u00e9 spolupr\u00e1ce s jedn\u00edm z nejv\u011bt\u0161\u00edch sv\u011btov\u00fdch v\u00fdrobc\u016f oceli, spole\u010dnost\u00ed <strong>ArcelorMittal<\/strong>. <\/p>\n<!-- \/wp:paragraph -->\n\n<!-- wp:paragraph -->\n<p><em>Hlavn\u00edm c\u00edlem t\u00e9to cesty<\/em> bylo projedn\u00e1n\u00ed detail\u016f a dokon\u010den\u00ed dohody o velk\u00e9 dod\u00e1vce n\u011bkolika kle\u0161t\u00ed na v\u00e1lce, kter\u00e9 jsou z\u00e1sadn\u00ed sou\u010d\u00e1st\u00ed v\u00fdrobn\u00edho procesu v ocel\u00e1rn\u00e1ch.<\/p>\n<!-- \/wp:paragraph -->\n\n<!-- wp:paragraph -->\n<p>M\u011bli jsme mo\u017enost nav\u0161t\u00edvit v\u00fdrobn\u00ed z\u00e1vod, kde jsme se podrobn\u011bji sezn\u00e1mili s konkr\u00e9tn\u00edmi technick\u00fdmi po\u017eadavky na kle\u0161t\u011b. Na\u0161i technici spolupracovali s t\u00fdmem ArcelorMittal na optimalizaci designu a specifikac\u00edch, aby kle\u0161t\u011b pln\u011b odpov\u00eddaly v\u0161em pot\u0159eb\u00e1m a p\u0159isp\u011bly ke zlep\u0161en\u00ed efektivity ve v\u00fdrob\u011b.<\/p>\n<!-- \/wp:paragraph -->\n\n<!-- wp:paragraph -->\n<p>Obchodn\u00ed jedn\u00e1n\u00ed prob\u011bhla v pozitivn\u00edm duchu a poda\u0159ilo se n\u00e1m dohodnout na v\u0161ech kl\u00ed\u010dov\u00fdch bodech. Nyn\u00ed je projekt ve f\u00e1zi p\u0159\u00edpravy na v\u00fdrobu, kter\u00e1 bude zahrnovat vysok\u00e9 standardy kvality a p\u0159esnosti, kter\u00e9 jsou nezbytn\u00e9 pro tak presti\u017en\u00edho klienta, jak\u00fdm je <strong>ArcelorMittal<\/strong>.<\/p>\n<!-- \/wp:paragraph -->\n\n<!-- wp:paragraph -->\n<p>Tato zak\u00e1zka p\u0159edstavuje v\u00fdznamn\u00fd miln\u00edk pro na\u0161i firmu a potvrzuje na\u0161e schopnosti dod\u00e1vat vysoce specializovan\u00e1 za\u0159\u00edzen\u00ed pro pr\u016fmyslov\u00e9 giganty na glob\u00e1ln\u00ed \u00farovni. <\/p>\n<!-- \/wp:paragraph -->\n\n<!-- wp:paragraph -->\n<p><em>Jsme hrd\u00ed na na\u0161e technick\u00e9 znalosti<\/em> a na mo\u017enost pod\u00edlet se na zlep\u0161ov\u00e1n\u00ed v\u00fdrobn\u00edch proces\u016f v tak v\u00fdznamn\u00e9 spole\u010dnosti.<\/p>\n<!-- \/wp:paragraph -->\n\n<!-- wp:paragraph -->\n<p>Na\u0161e spolupr\u00e1ce s <strong>ArcelorMittal<\/strong> t\u00edmto rozhodn\u011b nekon\u010d\u00ed \u2013 naopak, t\u011b\u0161\u00edme se na dal\u0161\u00ed projekty, kter\u00e9 pos\u00edl\u00ed na\u0161i vz\u00e1jemnou spolupr\u00e1ci a otev\u0159ou nov\u00e9 mo\u017enosti pro budouc\u00ed r\u016fst.<\/p>\n<!-- \/wp:paragraph -->","_et_gb_content_width":"","inline_featured_image":false,"footnotes":""},"categories":[13,14],"tags":[30,18,39],"dipi_cpt_category":[],"class_list":["post-351716","post","type-post","status-publish","format-gallery","has-post-thumbnail","hentry","category-zivot-v-prestaru","category-manipulacni-technika","tag-manipulacni-technika","tag-spoluprace","tag-vyroba","post_format-post-format-gallery"],"_links":{"self":[{"href":"https:\/\/www.prestar.cz\/en\/wp-json\/wp\/v2\/posts\/351716","targetHints":{"allow":["GET"]}}],"collection":[{"href":"https:\/\/www.prestar.cz\/en\/wp-json\/wp\/v2\/posts"}],"about":[{"href":"https:\/\/www.prestar.cz\/en\/wp-json\/wp\/v2\/types\/post"}],"author":[{"embeddable":true,"href":"https:\/\/www.prestar.cz\/en\/wp-json\/wp\/v2\/users\/5"}],"replies":[{"embeddable":true,"href":"https:\/\/www.prestar.cz\/en\/wp-json\/wp\/v2\/comments?post=351716"}],"version-history":[{"count":2,"href":"https:\/\/www.prestar.cz\/en\/wp-json\/wp\/v2\/posts\/351716\/revisions"}],"predecessor-version":[{"id":351722,"href":"https:\/\/www.prestar.cz\/en\/wp-json\/wp\/v2\/posts\/351716\/revisions\/351722"}],"wp:featuredmedia":[{"embeddable":true,"href":"https:\/\/www.prestar.cz\/en\/wp-json\/wp\/v2\/media\/351723"}],"wp:attachment":[{"href":"https:\/\/www.prestar.cz\/en\/wp-json\/wp\/v2\/media?parent=351716"}],"wp:term":[{"taxonomy":"category","embeddable":true,"href":"https:\/\/www.prestar.cz\/en\/wp-json\/wp\/v2\/categories?post=351716"},{"taxonomy":"post_tag","embeddable":true,"href":"https:\/\/www.prestar.cz\/en\/wp-json\/wp\/v2\/tags?post=351716"},{"taxonomy":"dipi_cpt_category","embeddable":true,"href":"https:\/\/www.prestar.cz\/en\/wp-json\/wp\/v2\/dipi_cpt_category?post=351716"}],"curies":[{"name":"wp","href":"https:\/\/api.w.org\/{rel}","templated":true}]}}